{"id":6349,"date":"2026-09-01T09:57:55","date_gmt":"2026-09-01T09:57:55","guid":{"rendered":"https:\/\/visitvisegrad.hu\/?p=6349"},"modified":"2026-09-01T10:02:40","modified_gmt":"2026-09-01T10:02:40","slug":"hamarosan-megkezdodik-a-csovari-var-felujitasa","status":"publish","type":"post","link":"https:\/\/visitvisegrad.hu\/sk\/hamarosan-megkezdodik-a-csovari-var-felujitasa\/","title":{"rendered":"Hamarosan megkezd\u0151dik a cs\u0151v\u00e1ri v\u00e1r fel\u00faj\u00edt\u00e1sa"},"content":{"rendered":"<p>&nbsp;<\/p>\n<p style=\"text-align: justify;\"><strong>A V\u00e1ct\u00f3l nem messze, a Cserh\u00e1t d\u00e9li vonulatai alatt tal\u00e1lhat\u00f3 cs\u0151v\u00e1ri v\u00e1r tervek szerinti fel\u00faj\u00edt\u00e1sa sor\u00e1n a jelenlegi, elhanyagolt rom teljesen meg\u00fajul, s t\u00f6rt\u00e9nelmi m\u00faltj\u00e1hoz m\u00e9lt\u00f3 turisztikai l\u00e1tv\u00e1nyoss\u00e1ga lesz a r\u00e9gi\u00f3nak.<\/strong><\/p>\n<p style=\"text-align: justify;\">Az akci\u00f3terv elnevez\u00e9se igen besz\u00e9des: \u201eH\u00e1rom foly\u00f3 r\u00e9gi\u00f3ja\u201d. A Pontibus EGTC \u00e9s a az Ister-Granum EGTC k\u00f6z\u00f6s turisztikai projektje 22 tov\u00e1bbi partner bevon\u00e1s\u00e1val kezdi meg a munk\u00e1latok, amelyek a cs\u0151v\u00e1ri v\u00e1r mellett Ipolyvisken \u00e9s L\u00e9v\u00e1n is megkezd\u0151dnek (egy r\u00e9g\u00e9szeti park megval\u00f3s\u00edt\u00e1sa, valamint a Dob\u00f3-kast\u00e9lyban egy \u00faj ki\u00e1ll\u00edt\u00f3t\u00e9r meg\u00e9p\u00edt\u00e9se \u00e9s berendez\u00e9se) Szlov\u00e1kia \u00e9s Magyarorsz\u00e1g, valamint az Eur\u00f3pai Uni\u00f3 egy\u00fcttm\u0171k\u00f6d\u00e9s\u00e9ben. A c\u00e9l a hat\u00e1rokon \u00e1t\u00edvel\u0151 turizmus er\u0151s\u00edt\u00e9se, s a napjainkra romoss\u00e1, elhagyatott\u00e1 lett kultur\u00e1lis eml\u00e9kek meg\u00faj\u00edt\u00e1sa, \u00edgy a folyamat messzemen\u0151en t\u00falhalad majd az egy\u00e9bk\u00e9nt elengedhetetlen \u00e1llagmeg\u00f3v\u00e1son.<\/p>\n<p style=\"text-align: justify;\">A Cs\u0151v\u00e1ron tal\u00e1lhat\u00f3, 700 \u00e9ves v\u00e1r maradv\u00e1nyai k\u00f6r\u00fcl els\u0151 k\u00f6rben az 1950-es \u00e9vekben megkezdett, majd abbamaradt r\u00e9g\u00e9szeti felt\u00e1r\u00e1s veszi kezdet\u00e9t, ezut\u00e1n a falak helyre\u00e1ll\u00edt\u00e1sa k\u00f6vetkezik, majd \u00e9p\u00fcl egy kil\u00e1t\u00f3 is. A m\u0171eml\u00e9k \u00edgy a tervek szerint n\u00e9pszer\u0171 turisztikai l\u00e9tes\u00edtm\u00e9nyk\u00e9nt funkcion\u00e1lhat majd a j\u00f6v\u0151ben, mint bej\u00e1rhat\u00f3, megtekinthet\u0151 t\u00f6rt\u00e9nelmi eml\u00e9k, s egyben Cserh\u00e1t d\u00e9li r\u00e9sz\u00e9nek kir\u00e1ndul\u00f3\u00e1llom\u00e1sa. A mostani \u00e1tlagosan 2000 f\u0151s \u00e9vi l\u00e1togat\u00f3sz\u00e1m megn\u00e9gyszerez\u00e9s\u00e9t szeretn\u00e9k megc\u00e9lozni, mellyel egyszersmind a k\u00f6rny\u00e9k turisztikai fellend\u00fcl\u00e9se is megkezd\u0151dhetne.<\/p>\n<p style=\"text-align: justify;\">Az interakt\u00edv v\u00e1rt\u00f6rt\u00e9neti ki\u00e1ll\u00edt\u00e1s, a felvezet\u0151 utak meg\u00faj\u00edt\u00e1sa, parkol\u00f3 \u00e9s illemhelyek ki\u00e9p\u00edt\u00e9se, illetve a v\u00e1r cisztern\u00e1j\u00e1nak renov\u00e1l\u00e1sa is r\u00e9sze az elk\u00e9pzel\u00e9seknek. A projekt megval\u00f3sul\u00e1s\u00e1t k\u00f6vet\u0151en a ter\u00fclet fenntart\u00e1s\u00e1t Cs\u0151v\u00e1r K\u00f6zs\u00e9g \u00d6nkorm\u00e1nyzata, helyi civil egyes\u00fcletek, \u00f6nk\u00e9ntes k\u00f6z\u00f6ss\u00e9gek, valamint a ter\u00fclet vagyonkezel\u0151je, az Ipoly Erd\u0151 Zrt. v\u00e1llalja, \u00edgy biztos\u00edtva, hogy az Interreg VI-A Magyarorsz\u00e1g-Szlov\u00e1kia \u00e9s az Eur\u00f3pai Uni\u00f3 finansz\u00edroz\u00e1s\u00e1ban megval\u00f3sul\u00f3 fejleszt\u00e9st k\u00f6vet\u0151en is biztos\u00edtva legyen a hossz\u00fa t\u00e1v\u00fa m\u0171k\u00f6d\u00e9s.<\/p>\n<p>\u2014\u2013<\/p>\n<p style=\"text-align: justify;\">Cs\u0151v\u00e1r els\u0151 eml\u00edt\u00e9se 1461-b\u00f3l sz\u00e1rmazik, de a kutat\u00e1sok szerint m\u00e1r az 1280-as \u00e9vekben megkezd\u0151dhetett a ter\u00fcleten a v\u00e1r\u00e9p\u00edt\u00e9s. Az \u00e9p\u00fcletegy\u00fcttes az \u00e9vsz\u00e1zadok sor\u00e1n sz\u00e1mos nemesi csal\u00e1d kez\u00e9n megfordult; volt huszita tart\u00f3zkod\u00e1si hely; rabl\u00f3tanya; majd M\u00e1ty\u00e1s uralkod\u00e1sa alatt Corvin J\u00e1nos tulajdona is. Katonai jelent\u0151s\u00e9ge megn\u0151tt Budav\u00e1r eleste ut\u00e1n, V\u00e1c t\u00f6r\u00f6kk\u00e9zre ker\u00fcl\u00e9se ut\u00e1n hat\u00e1rv\u00e1r lett. A XVIII. sz\u00e1zadra a Pr\u00f3nay csal\u00e1d egy id\u0151 ut\u00e1n m\u00e1r \u00e9p\u00edt\u0151anyagnak haszn\u00e1lta a v\u00e1r megmaradt alkot\u00f3elemeit, 1737-ben m\u00e1r romk\u00e9nt eml\u00edtik. Az 1830-as \u00e9vekben vad\u00e1szh\u00e1zat alak\u00edtanak ki megmaradt falai k\u00f6z\u00f6tt, innent\u0151l azonban \u00e1tveszi a romokat a term\u00e9szet.<\/p>\n<p>Zdroj:<br \/>\nPontibus EGTC<br \/>\n<a href=\"https:\/\/varlexikon.hu\/csovar\">V\u00e1rlexikon.hu (Sz\u00f6ll\u0151si G\u00e1bor)<\/a><\/p>\n<p>&nbsp;<\/p>\n<p>Turistick\u00e9 a marketingov\u00e9 zdru\u017eenie Visegr\u00e1d a okolie<br \/>\n2026.08.30.<\/p>\n<p>&nbsp;<\/p>","protected":false},"excerpt":{"rendered":"<p>&nbsp; A V\u00e1ct\u00f3l nem messze, a Cserh\u00e1t d\u00e9li vonulatai alatt tal\u00e1lhat\u00f3 cs\u0151v\u00e1ri v\u00e1r tervek szerinti fel\u00faj\u00edt\u00e1sa sor\u00e1n a jelenlegi, elhanyagolt rom teljesen meg\u00fajul, s t\u00f6rt\u00e9nelmi m\u00faltj\u00e1hoz m\u00e9lt\u00f3 turisztikai l\u00e1tv\u00e1nyoss\u00e1ga lesz a r\u00e9gi\u00f3nak. Az akci\u00f3terv elnevez\u00e9se igen besz\u00e9des: \u201eH\u00e1rom foly\u00f3 r\u00e9gi\u00f3ja\u201d. A Pontibus EGTC \u00e9s a az Ister-Granum EGTC k\u00f6z\u00f6s turisztikai projektje 22 tov\u00e1bbi partner bevon\u00e1s\u00e1val&#8230;<\/p>","protected":false},"author":7,"featured_media":6350,"comment_status":"closed","ping_status":"closed","sticky":false,"template":"","format":"standard","meta":{"footnotes":""},"categories":[22],"tags":[454,449,451,453,450,457,456,455,452],"class_list":["post-6349","post","type-post","status-publish","format-standard","has-post-thumbnail","hentry","category-hirek","tag-cserhat","tag-csovari-var","tag-europai-unio","tag-harom-folyo-regioja","tag-interreg","tag-ister-granum-egtc","tag-kilato","tag-magyar-varromok","tag-turisztikai-fejlesztesek"],"yoast_head":"<!-- This site is optimized with the Yoast SEO plugin v27.7 - https:\/\/yoast.com\/product\/yoast-seo-wordpress\/ -->\n<title>Hamarosan megkezd\u0151dik a cs\u0151v\u00e1ri v\u00e1r fel\u00faj\u00edt\u00e1sa - Visit Visegr\u00e1d - Fedezd fel Visegr\u00e1d kincseit!<\/title>\n<meta name=\"description\" content=\"\u201eH\u00e1rom foly\u00f3 r\u00e9gi\u00f3ja\u201d \u2013 Egy \u00faj projekt keret\u00e9ben v\u00e9gre m\u00e9lt\u00f3 m\u00f3don meg\u00fajul a cs\u0151v\u00e1ri v\u00e1r.\" \/>\n<meta name=\"robots\" content=\"index, follow, max-snippet:-1, max-image-preview:large, max-video-preview:-1\" \/>\n<link rel=\"canonical\" href=\"https:\/\/visitvisegrad.hu\/sk\/hamarosan-megkezdodik-a-csovari-var-felujitasa\/\" \/>\n<meta property=\"og:locale\" content=\"sk_SK\" \/>\n<meta property=\"og:type\" content=\"article\" \/>\n<meta property=\"og:title\" content=\"Hamarosan megkezd\u0151dik a cs\u0151v\u00e1ri v\u00e1r fel\u00faj\u00edt\u00e1sa - Visit Visegr\u00e1d - Fedezd fel Visegr\u00e1d kincseit!\" \/>\n<meta property=\"og:description\" content=\"\u201eH\u00e1rom foly\u00f3 r\u00e9gi\u00f3ja\u201d \u2013 Egy \u00faj projekt keret\u00e9ben v\u00e9gre m\u00e9lt\u00f3 m\u00f3don meg\u00fajul a cs\u0151v\u00e1ri v\u00e1r.\" \/>\n<meta property=\"og:url\" content=\"https:\/\/visitvisegrad.hu\/sk\/hamarosan-megkezdodik-a-csovari-var-felujitasa\/\" \/>\n<meta property=\"og:site_name\" content=\"Visit Visegr\u00e1d - Fedezd fel Visegr\u00e1d kincseit!\" \/>\n<meta property=\"article:published_time\" content=\"2026-09-01T09:57:55+00:00\" \/>\n<meta property=\"article:modified_time\" content=\"2026-09-01T10:02:40+00:00\" \/>\n<meta property=\"og:image\" content=\"https:\/\/visitvisegrad.hu\/wp-content\/uploads\/2026\/09\/csovari-var.jpg\" \/>\n\t<meta property=\"og:image:width\" content=\"1025\" \/>\n\t<meta property=\"og:image:height\" content=\"768\" \/>\n\t<meta property=\"og:image:type\" content=\"image\/jpeg\" \/>\n<meta name=\"author\" content=\"visegrad.admin\" \/>\n<meta name=\"twitter:card\" content=\"summary_large_image\" \/>\n<meta name=\"twitter:label1\" content=\"Autor\" \/>\n\t<meta name=\"twitter:data1\" content=\"visegrad.admin\" \/>\n\t<meta name=\"twitter:label2\" content=\"Predpokladan\u00fd \u010das \u010d\u00edtania\" \/>\n\t<meta name=\"twitter:data2\" content=\"3 min\u00faty\" \/>\n<script type=\"application\/ld+json\" class=\"yoast-schema-graph\">{\"@context\":\"https:\\\/\\\/schema.org\",\"@graph\":[{\"@type\":\"Article\",\"@id\":\"https:\\\/\\\/visitvisegrad.hu\\\/hamarosan-megkezdodik-a-csovari-var-felujitasa\\\/#article\",\"isPartOf\":{\"@id\":\"https:\\\/\\\/visitvisegrad.hu\\\/hamarosan-megkezdodik-a-csovari-var-felujitasa\\\/\"},\"author\":{\"name\":\"visegrad.admin\",\"@id\":\"https:\\\/\\\/visitvisegrad.hu\\\/#\\\/schema\\\/person\\\/2eefc7584bd3b71327b50a59fc6934ff\"},\"headline\":\"Hamarosan megkezd\u0151dik a cs\u0151v\u00e1ri v\u00e1r fel\u00faj\u00edt\u00e1sa\",\"datePublished\":\"2026-09-01T09:57:55+00:00\",\"dateModified\":\"2026-09-01T10:02:40+00:00\",\"mainEntityOfPage\":{\"@id\":\"https:\\\/\\\/visitvisegrad.hu\\\/hamarosan-megkezdodik-a-csovari-var-felujitasa\\\/\"},\"wordCount\":636,\"publisher\":{\"@id\":\"https:\\\/\\\/visitvisegrad.hu\\\/#organization\"},\"image\":{\"@id\":\"https:\\\/\\\/visitvisegrad.hu\\\/hamarosan-megkezdodik-a-csovari-var-felujitasa\\\/#primaryimage\"},\"thumbnailUrl\":\"https:\\\/\\\/visitvisegrad.hu\\\/wp-content\\\/uploads\\\/2026\\\/09\\\/csovari-var.jpg\",\"keywords\":[\"cserh\u00e1t\",\"cs\u0151v\u00e1ri v\u00e1r\",\"eur\u00f3pai uni\u00f3\",\"h\u00e1rom foly\u00f3 r\u00e9gi\u00f3ja\",\"interreg\",\"ister-granum egtc\",\"kil\u00e1t\u00f3\",\"magyar v\u00e1rromok\",\"turisztikai fejleszt\u00e9sek\"],\"articleSection\":[\"H\u00edrek\"],\"inLanguage\":\"sk-SK\"},{\"@type\":\"WebPage\",\"@id\":\"https:\\\/\\\/visitvisegrad.hu\\\/hamarosan-megkezdodik-a-csovari-var-felujitasa\\\/\",\"url\":\"https:\\\/\\\/visitvisegrad.hu\\\/hamarosan-megkezdodik-a-csovari-var-felujitasa\\\/\",\"name\":\"Hamarosan megkezd\u0151dik a cs\u0151v\u00e1ri v\u00e1r fel\u00faj\u00edt\u00e1sa - Visit Visegr\u00e1d - Fedezd fel Visegr\u00e1d kincseit!\",\"isPartOf\":{\"@id\":\"https:\\\/\\\/visitvisegrad.hu\\\/#website\"},\"primaryImageOfPage\":{\"@id\":\"https:\\\/\\\/visitvisegrad.hu\\\/hamarosan-megkezdodik-a-csovari-var-felujitasa\\\/#primaryimage\"},\"image\":{\"@id\":\"https:\\\/\\\/visitvisegrad.hu\\\/hamarosan-megkezdodik-a-csovari-var-felujitasa\\\/#primaryimage\"},\"thumbnailUrl\":\"https:\\\/\\\/visitvisegrad.hu\\\/wp-content\\\/uploads\\\/2026\\\/09\\\/csovari-var.jpg\",\"datePublished\":\"2026-09-01T09:57:55+00:00\",\"dateModified\":\"2026-09-01T10:02:40+00:00\",\"description\":\"\u201eH\u00e1rom foly\u00f3 r\u00e9gi\u00f3ja\u201d \u2013 Egy \u00faj projekt keret\u00e9ben v\u00e9gre m\u00e9lt\u00f3 m\u00f3don meg\u00fajul a cs\u0151v\u00e1ri v\u00e1r.\",\"breadcrumb\":{\"@id\":\"https:\\\/\\\/visitvisegrad.hu\\\/hamarosan-megkezdodik-a-csovari-var-felujitasa\\\/#breadcrumb\"},\"inLanguage\":\"sk-SK\",\"potentialAction\":[{\"@type\":\"ReadAction\",\"target\":[\"https:\\\/\\\/visitvisegrad.hu\\\/hamarosan-megkezdodik-a-csovari-var-felujitasa\\\/\"]}]},{\"@type\":\"ImageObject\",\"inLanguage\":\"sk-SK\",\"@id\":\"https:\\\/\\\/visitvisegrad.hu\\\/hamarosan-megkezdodik-a-csovari-var-felujitasa\\\/#primaryimage\",\"url\":\"https:\\\/\\\/visitvisegrad.hu\\\/wp-content\\\/uploads\\\/2026\\\/09\\\/csovari-var.jpg\",\"contentUrl\":\"https:\\\/\\\/visitvisegrad.hu\\\/wp-content\\\/uploads\\\/2026\\\/09\\\/csovari-var.jpg\",\"width\":1025,\"height\":768},{\"@type\":\"BreadcrumbList\",\"@id\":\"https:\\\/\\\/visitvisegrad.hu\\\/hamarosan-megkezdodik-a-csovari-var-felujitasa\\\/#breadcrumb\",\"itemListElement\":[{\"@type\":\"ListItem\",\"position\":1,\"name\":\"Home\",\"item\":\"https:\\\/\\\/visitvisegrad.hu\\\/\"},{\"@type\":\"ListItem\",\"position\":2,\"name\":\"Hamarosan megkezd\u0151dik a cs\u0151v\u00e1ri v\u00e1r fel\u00faj\u00edt\u00e1sa\"}]},{\"@type\":\"WebSite\",\"@id\":\"https:\\\/\\\/visitvisegrad.hu\\\/#website\",\"url\":\"https:\\\/\\\/visitvisegrad.hu\\\/\",\"name\":\"Visit Visegr\u00e1d\",\"description\":\"Programok, l\u00e1tnival\u00f3k, \u00e9ttermek, sz\u00e1ll\u00e1s. Visegr\u00e1d t\u00f6k\u00e9letes \u00fati c\u00e9l, ha t\u00f6rt\u00e9nelmi felfedez\u00e9sre, akt\u00edv kikapcsol\u00f3d\u00e1sra vagy nyugodt felt\u00f6lt\u0151d\u00e9sre v\u00e1gysz.\",\"publisher\":{\"@id\":\"https:\\\/\\\/visitvisegrad.hu\\\/#organization\"},\"potentialAction\":[{\"@type\":\"SearchAction\",\"target\":{\"@type\":\"EntryPoint\",\"urlTemplate\":\"https:\\\/\\\/visitvisegrad.hu\\\/?s={search_term_string}\"},\"query-input\":{\"@type\":\"PropertyValueSpecification\",\"valueRequired\":true,\"valueName\":\"search_term_string\"}}],\"inLanguage\":\"sk-SK\"},{\"@type\":\"Organization\",\"@id\":\"https:\\\/\\\/visitvisegrad.hu\\\/#organization\",\"name\":\"Visit Visegr\u00e1d\",\"url\":\"https:\\\/\\\/visitvisegrad.hu\\\/\",\"logo\":{\"@type\":\"ImageObject\",\"inLanguage\":\"sk-SK\",\"@id\":\"https:\\\/\\\/visitvisegrad.hu\\\/#\\\/schema\\\/logo\\\/image\\\/\",\"url\":\"https:\\\/\\\/visitvisegrad.hu\\\/wp-content\\\/uploads\\\/2026\\\/02\\\/Visit_visegrad_logo_1.png\",\"contentUrl\":\"https:\\\/\\\/visitvisegrad.hu\\\/wp-content\\\/uploads\\\/2026\\\/02\\\/Visit_visegrad_logo_1.png\",\"width\":589,\"height\":200,\"caption\":\"Visit Visegr\u00e1d\"},\"image\":{\"@id\":\"https:\\\/\\\/visitvisegrad.hu\\\/#\\\/schema\\\/logo\\\/image\\\/\"}},{\"@type\":\"Person\",\"@id\":\"https:\\\/\\\/visitvisegrad.hu\\\/#\\\/schema\\\/person\\\/2eefc7584bd3b71327b50a59fc6934ff\",\"name\":\"visegrad.admin\",\"url\":\"https:\\\/\\\/visitvisegrad.hu\\\/sk\\\/author\\\/visegrad-admin\\\/\"}]}<\/script>\n<!-- \/ Yoast SEO plugin. -->","yoast_head_json":{"title":"Hamarosan megkezd\u0151dik a cs\u0151v\u00e1ri v\u00e1r fel\u00faj\u00edt\u00e1sa - Visit Visegr\u00e1d - Fedezd fel Visegr\u00e1d kincseit!","description":"\u201eH\u00e1rom foly\u00f3 r\u00e9gi\u00f3ja\u201d \u2013 Egy \u00faj projekt keret\u00e9ben v\u00e9gre m\u00e9lt\u00f3 m\u00f3don meg\u00fajul a cs\u0151v\u00e1ri v\u00e1r.","robots":{"index":"index","follow":"follow","max-snippet":"max-snippet:-1","max-image-preview":"max-image-preview:large","max-video-preview":"max-video-preview:-1"},"canonical":"https:\/\/visitvisegrad.hu\/sk\/hamarosan-megkezdodik-a-csovari-var-felujitasa\/","og_locale":"sk_SK","og_type":"article","og_title":"Hamarosan megkezd\u0151dik a cs\u0151v\u00e1ri v\u00e1r fel\u00faj\u00edt\u00e1sa - Visit Visegr\u00e1d - Fedezd fel Visegr\u00e1d kincseit!","og_description":"\u201eH\u00e1rom foly\u00f3 r\u00e9gi\u00f3ja\u201d \u2013 Egy \u00faj projekt keret\u00e9ben v\u00e9gre m\u00e9lt\u00f3 m\u00f3don meg\u00fajul a cs\u0151v\u00e1ri v\u00e1r.","og_url":"https:\/\/visitvisegrad.hu\/sk\/hamarosan-megkezdodik-a-csovari-var-felujitasa\/","og_site_name":"Visit Visegr\u00e1d - Fedezd fel Visegr\u00e1d kincseit!","article_published_time":"2026-09-01T09:57:55+00:00","article_modified_time":"2026-09-01T10:02:40+00:00","og_image":[{"width":1025,"height":768,"url":"https:\/\/visitvisegrad.hu\/wp-content\/uploads\/2026\/09\/csovari-var.jpg","type":"image\/jpeg"}],"author":"visegrad.admin","twitter_card":"summary_large_image","twitter_misc":{"Autor":"visegrad.admin","Predpokladan\u00fd \u010das \u010d\u00edtania":"3 min\u00faty"},"schema":{"@context":"https:\/\/schema.org","@graph":[{"@type":"Article","@id":"https:\/\/visitvisegrad.hu\/hamarosan-megkezdodik-a-csovari-var-felujitasa\/#article","isPartOf":{"@id":"https:\/\/visitvisegrad.hu\/hamarosan-megkezdodik-a-csovari-var-felujitasa\/"},"author":{"name":"visegrad.admin","@id":"https:\/\/visitvisegrad.hu\/#\/schema\/person\/2eefc7584bd3b71327b50a59fc6934ff"},"headline":"Hamarosan megkezd\u0151dik a cs\u0151v\u00e1ri v\u00e1r fel\u00faj\u00edt\u00e1sa","datePublished":"2026-09-01T09:57:55+00:00","dateModified":"2026-09-01T10:02:40+00:00","mainEntityOfPage":{"@id":"https:\/\/visitvisegrad.hu\/hamarosan-megkezdodik-a-csovari-var-felujitasa\/"},"wordCount":636,"publisher":{"@id":"https:\/\/visitvisegrad.hu\/#organization"},"image":{"@id":"https:\/\/visitvisegrad.hu\/hamarosan-megkezdodik-a-csovari-var-felujitasa\/#primaryimage"},"thumbnailUrl":"https:\/\/visitvisegrad.hu\/wp-content\/uploads\/2026\/09\/csovari-var.jpg","keywords":["cserh\u00e1t","cs\u0151v\u00e1ri v\u00e1r","eur\u00f3pai uni\u00f3","h\u00e1rom foly\u00f3 r\u00e9gi\u00f3ja","interreg","ister-granum egtc","kil\u00e1t\u00f3","magyar v\u00e1rromok","turisztikai fejleszt\u00e9sek"],"articleSection":["H\u00edrek"],"inLanguage":"sk-SK"},{"@type":"WebPage","@id":"https:\/\/visitvisegrad.hu\/hamarosan-megkezdodik-a-csovari-var-felujitasa\/","url":"https:\/\/visitvisegrad.hu\/hamarosan-megkezdodik-a-csovari-var-felujitasa\/","name":"Hamarosan megkezd\u0151dik a cs\u0151v\u00e1ri v\u00e1r fel\u00faj\u00edt\u00e1sa - Visit Visegr\u00e1d - Fedezd fel Visegr\u00e1d kincseit!","isPartOf":{"@id":"https:\/\/visitvisegrad.hu\/#website"},"primaryImageOfPage":{"@id":"https:\/\/visitvisegrad.hu\/hamarosan-megkezdodik-a-csovari-var-felujitasa\/#primaryimage"},"image":{"@id":"https:\/\/visitvisegrad.hu\/hamarosan-megkezdodik-a-csovari-var-felujitasa\/#primaryimage"},"thumbnailUrl":"https:\/\/visitvisegrad.hu\/wp-content\/uploads\/2026\/09\/csovari-var.jpg","datePublished":"2026-09-01T09:57:55+00:00","dateModified":"2026-09-01T10:02:40+00:00","description":"\u201eH\u00e1rom foly\u00f3 r\u00e9gi\u00f3ja\u201d \u2013 Egy \u00faj projekt keret\u00e9ben v\u00e9gre m\u00e9lt\u00f3 m\u00f3don meg\u00fajul a cs\u0151v\u00e1ri v\u00e1r.","breadcrumb":{"@id":"https:\/\/visitvisegrad.hu\/hamarosan-megkezdodik-a-csovari-var-felujitasa\/#breadcrumb"},"inLanguage":"sk-SK","potentialAction":[{"@type":"ReadAction","target":["https:\/\/visitvisegrad.hu\/hamarosan-megkezdodik-a-csovari-var-felujitasa\/"]}]},{"@type":"ImageObject","inLanguage":"sk-SK","@id":"https:\/\/visitvisegrad.hu\/hamarosan-megkezdodik-a-csovari-var-felujitasa\/#primaryimage","url":"https:\/\/visitvisegrad.hu\/wp-content\/uploads\/2026\/09\/csovari-var.jpg","contentUrl":"https:\/\/visitvisegrad.hu\/wp-content\/uploads\/2026\/09\/csovari-var.jpg","width":1025,"height":768},{"@type":"BreadcrumbList","@id":"https:\/\/visitvisegrad.hu\/hamarosan-megkezdodik-a-csovari-var-felujitasa\/#breadcrumb","itemListElement":[{"@type":"ListItem","position":1,"name":"Home","item":"https:\/\/visitvisegrad.hu\/"},{"@type":"ListItem","position":2,"name":"Hamarosan megkezd\u0151dik a cs\u0151v\u00e1ri v\u00e1r fel\u00faj\u00edt\u00e1sa"}]},{"@type":"WebSite","@id":"https:\/\/visitvisegrad.hu\/#website","url":"https:\/\/visitvisegrad.hu\/","name":"Nav\u0161t\u00edvte Visegr\u00e1d","description":"Programy, pamiatky, re\u0161taur\u00e1cie, ubytovanie. Visegr\u00e1d je ide\u00e1lnou destin\u00e1ciou, \u010di u\u017e t\u00fa\u017ei\u0161 po objavovan\u00ed hist\u00f3rie, akt\u00edvnom oddychu alebo pokojnom na\u010derpan\u00ed nov\u00fdch s\u00edl.","publisher":{"@id":"https:\/\/visitvisegrad.hu\/#organization"},"potentialAction":[{"@type":"SearchAction","target":{"@type":"EntryPoint","urlTemplate":"https:\/\/visitvisegrad.hu\/?s={search_term_string}"},"query-input":{"@type":"PropertyValueSpecification","valueRequired":true,"valueName":"search_term_string"}}],"inLanguage":"sk-SK"},{"@type":"Organization","@id":"https:\/\/visitvisegrad.hu\/#organization","name":"Nav\u0161t\u00edvte Visegr\u00e1d","url":"https:\/\/visitvisegrad.hu\/","logo":{"@type":"ImageObject","inLanguage":"sk-SK","@id":"https:\/\/visitvisegrad.hu\/#\/schema\/logo\/image\/","url":"https:\/\/visitvisegrad.hu\/wp-content\/uploads\/2026\/02\/Visit_visegrad_logo_1.png","contentUrl":"https:\/\/visitvisegrad.hu\/wp-content\/uploads\/2026\/02\/Visit_visegrad_logo_1.png","width":589,"height":200,"caption":"Visit Visegr\u00e1d"},"image":{"@id":"https:\/\/visitvisegrad.hu\/#\/schema\/logo\/image\/"}},{"@type":"Person","@id":"https:\/\/visitvisegrad.hu\/#\/schema\/person\/2eefc7584bd3b71327b50a59fc6934ff","name":"visegrad.admin","url":"https:\/\/visitvisegrad.hu\/sk\/author\/visegrad-admin\/"}]}},"_links":{"self":[{"href":"https:\/\/visitvisegrad.hu\/sk\/wp-json\/wp\/v2\/posts\/6349","targetHints":{"allow":["GET"]}}],"collection":[{"href":"https:\/\/visitvisegrad.hu\/sk\/wp-json\/wp\/v2\/posts"}],"about":[{"href":"https:\/\/visitvisegrad.hu\/sk\/wp-json\/wp\/v2\/types\/post"}],"author":[{"embeddable":true,"href":"https:\/\/visitvisegrad.hu\/sk\/wp-json\/wp\/v2\/users\/7"}],"replies":[{"embeddable":true,"href":"https:\/\/visitvisegrad.hu\/sk\/wp-json\/wp\/v2\/comments?post=6349"}],"version-history":[{"count":2,"href":"https:\/\/visitvisegrad.hu\/sk\/wp-json\/wp\/v2\/posts\/6349\/revisions"}],"predecessor-version":[{"id":6353,"href":"https:\/\/visitvisegrad.hu\/sk\/wp-json\/wp\/v2\/posts\/6349\/revisions\/6353"}],"wp:featuredmedia":[{"embeddable":true,"href":"https:\/\/visitvisegrad.hu\/sk\/wp-json\/wp\/v2\/media\/6350"}],"wp:attachment":[{"href":"https:\/\/visitvisegrad.hu\/sk\/wp-json\/wp\/v2\/media?parent=6349"}],"wp:term":[{"taxonomy":"category","embeddable":true,"href":"https:\/\/visitvisegrad.hu\/sk\/wp-json\/wp\/v2\/categories?post=6349"},{"taxonomy":"post_tag","embeddable":true,"href":"https:\/\/visitvisegrad.hu\/sk\/wp-json\/wp\/v2\/tags?post=6349"}],"curies":[{"name":"wp","href":"https:\/\/api.w.org\/{rel}","templated":true}]}}